{"id":3884,"date":"2024-01-25T11:55:52","date_gmt":"2024-01-25T10:55:52","guid":{"rendered":"https:\/\/egeszseghaz.biatorbagy.hu\/?p=3884"},"modified":"2024-05-15T21:28:01","modified_gmt":"2024-05-15T19:28:01","slug":"dr-zalay-balint","status":"publish","type":"post","link":"https:\/\/egeszseghaz.biatorbagy.hu\/index.php\/2024\/01\/25\/dr-zalay-balint\/","title":{"rendered":"Dr. Zalay B\u00e1lint"},"content":{"rendered":"\n<p class=\"wp-block-paragraph\">1990-ben v\u00e9gzett a SOTE \u00c1ltal\u00e1nos Orvostudom\u00e1nyi karon.&nbsp;<\/p>\n\n\n\n<p class=\"wp-block-paragraph\">1990-t\u0151l az int\u00e9zm\u00e9ny m\u00e1ig tragikus hat\u00e1s\u00fa lerombol\u00e1s\u00e1ig az OPNI &nbsp;XIII. , VI. , illetve Belgy\u00f3gy\u00e1szati oszt\u00e1lyain dolgozott.<\/p>\n\n\n\n<p class=\"wp-block-paragraph\">1995-ben psychiater szakorvosi diplom\u00e1t szerzett.&nbsp;<\/p>\n\n\n\n<p class=\"wp-block-paragraph\">Meghat\u00e1roz\u00f3 mentorai prof. Dr Rihmer Zolt\u00e1n \u00e9s dr Gy\u0151ri G\u00e1bor voltak.<\/p>\n\n\n\n<p class=\"wp-block-paragraph\">Ezzel p\u00e1rhuzamosan 1994-t\u0151l kezd\u0151d\u0151en nagy forgalm\u00fa szakorvosi rendel\u0151int\u00e9zetek psychiatriai szakrendel\u00e9s\u00e9n dolgozott Szigetszentmikl\u00f3son, Nagyk\u00e1t\u00e1n, J\u00e1szber\u00e9nyben \u00e9s 2023 janu\u00e1r \u00f3ta Biatorb\u00e1gyon.\u00a0<\/p>\n\n\n\n<p class=\"wp-block-paragraph\">Speci\u00e1lis \u00e9rdekl\u0151d\u00e9si ter\u00fcletei: <\/p>\n\n\n\n<ul class=\"wp-block-list\">\n<li>ked\u00e9lyzavarok,<\/li>\n\n\n\n<li>szorong\u00e1sos k\u00f3rk\u00e9pek, <\/li>\n\n\n\n<li>p\u00e1nik zavar, <\/li>\n\n\n\n<li>OCD.<\/li>\n<\/ul>\n\n\n\n<h4 class=\"wp-block-heading\">Rendel\u00e9sei<\/h4>\n\n\n\n<table id=\"tablepress-7\" class=\"tablepress tablepress-id-7 tablepress-responsive\">\n<thead>\n<tr class=\"row-1 odd\">\n\t<th class=\"column-1\">Szakrendel\u00e9s<\/th><th class=\"column-2\">Orvos<\/th><th class=\"column-3\">H\u00e9tf\u0151<\/th><th class=\"column-4\">Kedd<\/th><th class=\"column-5\">Szerda<\/th><th class=\"column-6\">Cs\u00fct\u00f6rt\u00f6k<\/th><th class=\"column-7\">P\u00e9ntek<\/th>\n<\/tr>\n<\/thead>\n<tbody class=\"row-hover\">\n<tr class=\"row-2 even\">\n\t<td class=\"column-1\">Pszichi\u00e1tria<\/td><td class=\"column-2\">dr. Zalay B\u00e1lint<\/td><td class=\"column-3\"> <\/td><td class=\"column-4\">08:00-15:00<\/td><td class=\"column-5\">13:00-15:00<\/td><td class=\"column-6\"> <\/td><td class=\"column-7\"><\/td>\n<\/tr>\n<\/tbody>\n<\/table>\n<!-- #tablepress-7 from cache -->\n","protected":false},"excerpt":{"rendered":"<p>1990-ben v\u00e9gzett a SOTE \u00c1ltal\u00e1nos Orvostudom\u00e1nyi karon.&nbsp; 1990-t\u0151l az int\u00e9zm\u00e9ny m\u00e1ig tragikus hat\u00e1s\u00fa lerombol\u00e1s\u00e1ig az OPNI &nbsp;XIII. , VI. , illetve Belgy\u00f3gy\u00e1szati oszt\u00e1lyain dolgozott. 1995-ben psychiater szakorvosi diplom\u00e1t szerzett.&nbsp; Meghat\u00e1roz\u00f3 mentorai prof. Dr Rihmer Zolt\u00e1n \u00e9s dr Gy\u0151ri G\u00e1bor voltak. Ezzel p\u00e1rhuzamosan 1994-t\u0151l kezd\u0151d\u0151en nagy forgalm\u00fa szakorvosi rendel\u0151int\u00e9zetek psychiatriai szakrendel\u00e9s\u00e9n dolgozott Szigetszentmikl\u00f3son, Nagyk\u00e1t\u00e1n, J\u00e1szber\u00e9nyben \u00e9s [&hellip;]<\/p>\n","protected":false},"author":2,"featured_media":4712,"comment_status":"closed","ping_status":"closed","sticky":false,"template":"","format":"standard","meta":{"_acf_changed":false,"_eb_attr":"","_crdt_document":"","footnotes":""},"categories":[12],"tags":[15],"class_list":["post-3884","post","type-post","status-publish","format-standard","has-post-thumbnail","hentry","category-orvosaink","tag-pszichiater"],"acf":[],"_links":{"self":[{"href":"https:\/\/egeszseghaz.biatorbagy.hu\/index.php\/wp-json\/wp\/v2\/posts\/3884","targetHints":{"allow":["GET"]}}],"collection":[{"href":"https:\/\/egeszseghaz.biatorbagy.hu\/index.php\/wp-json\/wp\/v2\/posts"}],"about":[{"href":"https:\/\/egeszseghaz.biatorbagy.hu\/index.php\/wp-json\/wp\/v2\/types\/post"}],"author":[{"embeddable":true,"href":"https:\/\/egeszseghaz.biatorbagy.hu\/index.php\/wp-json\/wp\/v2\/users\/2"}],"replies":[{"embeddable":true,"href":"https:\/\/egeszseghaz.biatorbagy.hu\/index.php\/wp-json\/wp\/v2\/comments?post=3884"}],"version-history":[{"count":5,"href":"https:\/\/egeszseghaz.biatorbagy.hu\/index.php\/wp-json\/wp\/v2\/posts\/3884\/revisions"}],"predecessor-version":[{"id":4845,"href":"https:\/\/egeszseghaz.biatorbagy.hu\/index.php\/wp-json\/wp\/v2\/posts\/3884\/revisions\/4845"}],"wp:featuredmedia":[{"embeddable":true,"href":"https:\/\/egeszseghaz.biatorbagy.hu\/index.php\/wp-json\/wp\/v2\/media\/4712"}],"wp:attachment":[{"href":"https:\/\/egeszseghaz.biatorbagy.hu\/index.php\/wp-json\/wp\/v2\/media?parent=3884"}],"wp:term":[{"taxonomy":"category","embeddable":true,"href":"https:\/\/egeszseghaz.biatorbagy.hu\/index.php\/wp-json\/wp\/v2\/categories?post=3884"},{"taxonomy":"post_tag","embeddable":true,"href":"https:\/\/egeszseghaz.biatorbagy.hu\/index.php\/wp-json\/wp\/v2\/tags?post=3884"}],"curies":[{"name":"wp","href":"https:\/\/api.w.org\/{rel}","templated":true}]}}