{"id":1198,"date":"2019-03-10T18:17:19","date_gmt":"2019-03-10T17:17:19","guid":{"rendered":"http:\/\/egeszseghaz.biatorbagy.hu\/?page_id=1198"},"modified":"2026-04-15T11:51:35","modified_gmt":"2026-04-15T09:51:35","slug":"ultrahang-szakrendeles","status":"publish","type":"post","link":"https:\/\/egeszseghaz.biatorbagy.hu\/index.php\/2019\/03\/10\/ultrahang-szakrendeles\/","title":{"rendered":"Ultrahang szakrendel\u00e9s"},"content":{"rendered":"<p>Az ultrahang szakrendel\u00e9sre beutal\u00f3 sz\u00fcks\u00e9ges, el\u0151jegyz\u00e9s sz\u00fcks\u00e9ges!<\/p>\n<p><!--more--><\/p>\n<p><strong>El\u0151jegyz\u00e9s telefonon: +36 (23) 534-560<\/strong><\/p>\n\n<table id=\"tablepress-7\" class=\"tablepress tablepress-id-7 tablepress-responsive\">\n<thead>\n<tr class=\"row-1 odd\">\n\t<th class=\"column-1\">El\u00e9rhet\u0151s\u00e9g<br \/>\nCSAK RENDEL\u00c9SI ID\u0150BEN<\/th><th class=\"column-2\">Orvos<\/th><th class=\"column-3\">H\u00e9tf\u0151<\/th><th class=\"column-4\">Kedd<\/th><th class=\"column-5\">Szerda<\/th><th class=\"column-6\">Cs\u00fct\u00f6rt\u00f6k<\/th><th class=\"column-7\">P\u00e9ntek<\/th>\n<\/tr>\n<\/thead>\n<tbody class=\"row-hover\">\n<tr class=\"row-2 even\">\n\t<td class=\"column-1\">+36704916861<\/td><td class=\"column-2\">dr. Tak\u00e1cs Ildik\u00f3<\/td><td class=\"column-3\"><br \/>\n<\/td><td class=\"column-4\"><\/td><td class=\"column-5\"><\/td><td class=\"column-6\">13:00-16:00<\/td><td class=\"column-7\">08:00-14:00<\/td>\n<\/tr>\n<tr class=\"row-3 odd\">\n\t<td class=\"column-1\">+36704916861<\/td><td class=\"column-2\">dr. V\u00e1g\u00f3 Anna <br \/>\n(havi 3 alkalommal)<\/td><td class=\"column-3\"><\/td><td class=\"column-4\"><\/td><td class=\"column-5\"><\/td><td class=\"column-6\">09:00-12:30<\/td><td class=\"column-7\"><\/td>\n<\/tr>\n<tr class=\"row-4 even\">\n\t<td class=\"column-1\">+36704916861<\/td><td class=\"column-2\">dr. T\u00e1rnok Andr\u00e1s <br \/>\n(havi 3 alkalommal)<\/td><td class=\"column-3\"><\/td><td class=\"column-4\">13:00-16:00<\/td><td class=\"column-5\"><\/td><td class=\"column-6\"><\/td><td class=\"column-7\"><\/td>\n<\/tr>\n<tr class=\"row-5 odd\">\n\t<td class=\"column-1\"><\/td><td class=\"column-2\">dr. Lovas G\u00e1bor<br \/>\r\nhavi 3x<\/td><td class=\"column-3\"><\/td><td class=\"column-4\"><\/td><td class=\"column-5\">11:00-13:00<\/td><td class=\"column-6\"><\/td><td class=\"column-7\"><\/td>\n<\/tr>\n<\/tbody>\n<\/table>\n<!-- #tablepress-7 from cache -->\n\n\n<h2 class=\"wp-block-heading\">Mit jelent az ultrahang?<\/h2>\n\n\n\n<p class=\"wp-block-paragraph\">Az ultrahang vizsg\u00e1lat (UH) egy k\u00edm\u00e9letes, f\u00e1jdalommentes elj\u00e1r\u00e1s, amivel belgy\u00f3gy\u00e1szati, endokrinol\u00f3giai, urol\u00f3giai, n\u0151gy\u00f3gy\u00e1szati \u00a0\u00edz\u00fcleti \u00e9s \u00e9rprobl\u00e9m\u00e1k fedezhet\u0151k fel.<\/p>\n\n\n\n<p class=\"wp-block-paragraph\">Az ultrahang olyan hanghull\u00e1mtartom\u00e1ny, melyet az emberi f\u00fcl nem \u00e9rz\u00e9kel.\nHa az ultrahang hull\u00e1mokat egy vizsg\u00e1l\u00f3fej seg\u00edts\u00e9g\u00e9vel a testre ir\u00e1ny\u00edtj\u00e1k,\nazok, az onnan visszaver\u0151d\u0151 hull\u00e1mok seg\u00edts\u00e9g\u00e9vel \u2013 ak\u00e1r mozg\u00e1s k\u00f6zben is \u2013\nk\u00e9pesek k\u00e9p \u00e1br\u00e1zol\u00e1s\u00e1ra.<\/p>\n\n\n\n<h2 class=\"wp-block-heading\">Hogyan k\u00e9sz\u00fcljek az UH vuzsg\u00e1latra?<\/h2>\n\n\n\n<p class=\"wp-block-paragraph\">\u00a0A vizsg\u00e1lat \u00e9hgyomorral, telt h\u00f3lyaggal t\u00f6rt\u00e9nik. A vizsg\u00e1latot megel\u0151z\u0151 <strong>6 \u00f3r\u00e1n bel\u00fcl ne \u00e9tkezzen<\/strong>, \u00e9s azt megel\u0151z\u0151en is csak k\u00f6nny\u0171, zs\u00edrmentes \u00e9telt fogyasszon. A vizsg\u00e1lat <strong>el\u0151tt k\u00e9t \u00f3r\u00e1val igyon meg 4-6 dl folyad\u00e9kot<\/strong> (csak sz\u00e9nsavmentes vizet), a <strong>vizsg\u00e1lat el\u0151tti \u00f3r\u00e1ban m\u00e1r semmit ne igyon, ne menjen el wc-re.<\/strong> <strong>El\u0151z\u0151 vizsg\u00e1lat leleteit hozza mag\u00e1val<\/strong> (kor\u00e1bbi UH, CT, MR lelet, k\u00f3rh\u00e1zi z\u00e1r\u00f3jelent\u00e9s, egy\u00e9b vizsg\u00e1lati eredm\u00e9nyek)<\/p>\n\n\n\n<p><strong>&nbsp;Amennyiben nem tud j\u00f6nni<\/strong> az el\u0151jegyzett id\u0151pontra, <strong>k\u00e9rj\u00fck a vizsg\u00e1lati id\u0151pont lemond\u00e1s\u00e1t<\/strong> a +36 23\/534-560-as telefonsz\u00e1m<\/p><p><\/p>\n\n\n\n<h2 class=\"wp-block-heading\">Hasi UH<\/h2>\n\n\n\n<p class=\"wp-block-paragraph\">A has\u00fcregi, a kismedencei szerveket vizsg\u00e1lat\u00e1ra alkalmas: m\u00e1j, epeh\u00f3lyag, hasny\u00e1lmirigy,\nl\u00e9p, ves\u00e9k, h\u00fagyh\u00f3lyag, n\u0151kn\u00e9l a m\u00e9h, a petef\u00e9szkek, f\u00e9rfiakn\u00e1l a here, a\nprosztata egyar\u00e1nt vizsg\u00e1lhat\u00f3 ultrahanggal. Seg\u00edts\u00e9g\u00e9vel a has\u00fcregben fut\u00f3\nnagyobb erekr\u0151l, a nyirokcsom\u00f3kr\u00f3l is v\u00e9lem\u00e9ny alkothat\u00f3.<\/p>\n\n\n\n<p class=\"wp-block-paragraph\">A szervek m\u00e9retbeli v\u00e1ltoz\u00e1sai, szerkezeti elt\u00e9r\u00e9sei, fejl\u0151d\u00e9si rendelleness\u00e9gei \u00e9pp\u00fagy l\u00e1that\u00f3ak a hasi- \u00e9s kismedencei UH vizsg\u00e1lattal, mint a ciszt\u00e1k, k\u00f6vek, t\u00e1lyogok, j\u00f3indulat\u00fa zs\u00edr- \u00e9s izomdaganatok, rosszindulat\u00fa tumorok, a has\u00fcregi folyad\u00e9k.<\/p>\n\n\n\n<h2 class=\"wp-block-heading\"><\/h2>\n\n\n\n<h2 class=\"wp-block-heading\">Pajzsmirigy UH<\/h2>\n\n\n\n<p class=\"wp-block-paragraph\">A pajzsmirigy k\u00e9t lebeny\u00e9nek \u00e9s a mell\u00e9kpajzsmirigy vizsg\u00e1lat\u00e1nak\nelengedhetetlen eszk\u00f6ze az ultrahang. Seg\u00edts\u00e9g\u00e9vel j\u00f3l l\u00e1that\u00f3k a lebenyek\nszerkezete \u00e9s m\u00e9rete, a pajzsmirigyben esetlegesen jelen l\u00e9v\u0151 g\u00f6b\u00f6k, ciszt\u00e1k,\ngyullad\u00e1sos folyamatok.<\/p>\n\n\n\n<p class=\"wp-block-paragraph\">A pajzsmirigy UH \u00a0fontos szerepet t\u00f6lt be a pajzsmirigy \u00e9s a mell\u00e9kpajzsmirigy diagnosztik\u00e1j\u00e1n k\u00edv\u00fcl a nagy ny\u00e1lmirigyek \u00e9s a nyaki nyirokcsom\u00f3k vizsg\u00e1lat\u00e1ban is.<\/p>\n\n\n\n<h2 class=\"wp-block-heading\">A nyaki art\u00e9ria UH (nyaki ver\u0151\u00e9r ultrahang)<\/h2>\n\n\n\n<p class=\"wp-block-paragraph\">A nyaki art\u00e9ri\u00e1k szerkezete, a v\u00e9r \u00e1raml\u00e1sa j\u00f3l meg\u00edt\u00e9lhet\u0151 az \u00fagynevezett Color Doppler seg\u00edts\u00e9g\u00e9vel, ami val\u00f3j\u00e1ban egy sz\u00ednes ultrahang vizsg\u00e1lat.<\/p>\n\n\n\n<p class=\"wp-block-paragraph\">Az \u00e9rfali meszesed\u00e9sek elhelyezked\u00e9se, szerkezete, m\u00e9rete, az \u00e1ltaluk\nokozott \u00e9rsz\u0171k\u00fcletek pontos meghat\u00e1roz\u00e1s\u00e1ra ez a speci\u00e1lis ultrahang kiv\u00e1l\u00f3.<\/p>\n\n\n\n<h2 class=\"wp-block-heading\">Terhess\u00e9gi ultrahang vizsg\u00e1lat<\/h2>\n\n\n\n<p class=\"wp-block-paragraph\">A terhess\u00e9gi UH vizsg\u00e1lat els\u0151dleges c\u00e9lja, hogy min\u00e9l el\u0151bb \u00e9s min\u00e9l nagyobb pontoss\u00e1ggal kisz\u0171rje a magzati rendelleness\u00e9geket, valamint az anya eg\u00e9szs\u00e9gi \u00e1llapot\u00e1ra is f\u00e9nyt der\u00edtsen.<\/p>\n\n\n\n<p class=\"wp-block-paragraph\">A fenn\u00e1ll\u00f3 terhess\u00e9g bizony\u00edt\u00e1s\u00e1ra leghamarabb a havi menstru\u00e1ci\u00f3s v\u00e9rz\u00e9s\nkimarad\u00e1s\u00e1t k\u00f6vet\u0151 m\u00e1sodik h\u00e9tben ker\u00fclhet sor, amennyiben az otthon elv\u00e9gzett\nterhess\u00e9gi teszt pozit\u00edv eredm\u00e9nyt mutatott.<\/p>\n\n\n\n<h2 class=\"wp-block-heading\">\u00cdz\u00fcleti UH<\/h2>\n\n\n\n<p class=\"wp-block-paragraph\">Az \u00edz\u00fcletek szalagjainak, az inak, a rostok, porcok, valamint az \u00edz\u00fcleti k\u00f3ros folyad\u00e9kgy\u00fclemek \u00e9s a k\u00f6rny\u00e9ki v\u00e1zizmok vizsg\u00e1lat\u00e1n\u00e1l is alkalmaznak ultrahangvizsg\u00e1latot. Az \u00edz\u00fcleti ultrahang az \u00edz\u00fclet k\u00f6rny\u00e9ki meszesed\u00e9sek, izmok \u00e9s inak esetleges s\u00e9r\u00fcl\u00e9sei, \u00edz\u00fcleti gyullad\u00e1sai, a k\u00f6rny\u00e9ki meszesed\u00e9sek is kimutathat\u00f3k.<\/p>\n\n\n\n<h2 class=\"wp-block-heading\">Nyaki l\u00e1gyr\u00e9sz UH<\/h2>\n\n\n\n<p class=\"wp-block-paragraph\">A nyaki l\u00e1gyr\u00e9sz UH \u00a0vizsg\u00e1lat sor\u00e1n a nyakon, a b\u0151r alatt tapinthat\u00f3 csom\u00f3kat, fel\u00fcletes elv\u00e1ltoz\u00e1sokat, izmok szerkezeti elt\u00e9r\u00e9seit vizsg\u00e1lj\u00e1k.<\/p>\n","protected":false},"excerpt":{"rendered":"<p>Az ultrahang szakrendel\u00e9sre beutal\u00f3 el\u0151jegyz\u00e9s sz\u00fcks\u00e9ges!<\/p>\n","protected":false},"author":1,"featured_media":0,"comment_status":"closed","ping_status":"closed","sticky":false,"template":"","format":"standard","meta":{"_acf_changed":false,"_eb_attr":"","_crdt_document":"","footnotes":""},"categories":[11],"tags":[100,81],"class_list":["post-1198","post","type-post","status-publish","format-standard","hentry","category-szakrendeles","tag-beutalo-szukseges","tag-elojegyzes-van"],"acf":[],"_links":{"self":[{"href":"https:\/\/egeszseghaz.biatorbagy.hu\/index.php\/wp-json\/wp\/v2\/posts\/1198","targetHints":{"allow":["GET"]}}],"collection":[{"href":"https:\/\/egeszseghaz.biatorbagy.hu\/index.php\/wp-json\/wp\/v2\/posts"}],"about":[{"href":"https:\/\/egeszseghaz.biatorbagy.hu\/index.php\/wp-json\/wp\/v2\/types\/post"}],"author":[{"embeddable":true,"href":"https:\/\/egeszseghaz.biatorbagy.hu\/index.php\/wp-json\/wp\/v2\/users\/1"}],"replies":[{"embeddable":true,"href":"https:\/\/egeszseghaz.biatorbagy.hu\/index.php\/wp-json\/wp\/v2\/comments?post=1198"}],"version-history":[{"count":12,"href":"https:\/\/egeszseghaz.biatorbagy.hu\/index.php\/wp-json\/wp\/v2\/posts\/1198\/revisions"}],"predecessor-version":[{"id":7053,"href":"https:\/\/egeszseghaz.biatorbagy.hu\/index.php\/wp-json\/wp\/v2\/posts\/1198\/revisions\/7053"}],"wp:attachment":[{"href":"https:\/\/egeszseghaz.biatorbagy.hu\/index.php\/wp-json\/wp\/v2\/media?parent=1198"}],"wp:term":[{"taxonomy":"category","embeddable":true,"href":"https:\/\/egeszseghaz.biatorbagy.hu\/index.php\/wp-json\/wp\/v2\/categories?post=1198"},{"taxonomy":"post_tag","embeddable":true,"href":"https:\/\/egeszseghaz.biatorbagy.hu\/index.php\/wp-json\/wp\/v2\/tags?post=1198"}],"curies":[{"name":"wp","href":"https:\/\/api.w.org\/{rel}","templated":true}]}}